{"id":100739,"date":"2026-04-28T13:49:04","date_gmt":"2026-04-28T19:49:04","guid":{"rendered":"https:\/\/megavision.com.sv\/web\/?p=100739"},"modified":"2026-04-28T13:49:04","modified_gmt":"2026-04-28T19:49:04","slug":"violenta-agresion-con-tubo-metalico-termina-en-condena-de-22-anos-y-medio","status":"publish","type":"post","link":"https:\/\/megavision.com.sv\/web\/violenta-agresion-con-tubo-metalico-termina-en-condena-de-22-anos-y-medio\/","title":{"rendered":"Violenta agresi\u00f3n con tubo met\u00e1lico termina en condena de 22 a\u00f1os y medio"},"content":{"rendered":"\n<p>Por William Santos<\/p>\n\n\n\n<p><em>La v\u00edctima fue sometida a dos cirug\u00edas y presenta secuelas como p\u00e9rdida de memoria y visi\u00f3n parcial<\/em><\/p>\n\n\n\n<p>Tras un brutal ataque con un tubo met\u00e1lico que dej\u00f3 a la v\u00edctima con trauma cerebral grave y secuelas permanentes, el Tribunal Segundo de Sentencia de San Salvador conden\u00f3 a Erick Alexander Contreras Lima a 22 a\u00f1os y seis meses de prisi\u00f3n por homicidio agravado en grado de tentativa, seg\u00fan inform\u00f3 Centros Judiciales de El Salvador.<\/p>\n\n\n\n<p>De acuerdo con la resoluci\u00f3n judicial, el imputado atac\u00f3 brutalmente a la v\u00edctima con un tubo met\u00e1lico, provoc\u00e1ndole un trauma cerebral de extrema gravedad que lo dej\u00f3 inconsciente en el lugar.<\/p>\n\n\n\n<p>El hecho ocurri\u00f3 el 5 de septiembre de 2025, en el \u00e1rea de dormitorios del rastro municipal de Soyapango, donde ambos se encontraban cuando inici\u00f3 una discusi\u00f3n. Sin previo aviso, Contreras Lima agredi\u00f3 a la v\u00edctima, siendo detenido por otras personas que evitaron que continuara el ataque.<\/p>\n\n\n\n<p>La v\u00edctima fue trasladada de emergencia a un centro asistencial, donde fue sometida a dos cirug\u00edas debido a la gravedad de las lesiones. Seg\u00fan lo expuesto en el juicio, el afectado sufre secuelas permanentes, entre ellas fuertes dolores de cabeza, p\u00e9rdida parcial de la vista y problemas de memoria.<\/p>\n\n\n\n<p>El tribunal concluy\u00f3 que las pruebas presentadas demostraron la responsabilidad directa del acusado, imponiendo la condena correspondiente por la gravedad del hecho.<\/p>\n","protected":false},"excerpt":{"rendered":"<p>Por William Santos La v\u00edctima fue sometida a dos cirug\u00edas y presenta secuelas como p\u00e9rdida de memoria y visi\u00f3n parcial Tras un brutal ataque con&hellip; <\/p>\n","protected":false},"author":12,"featured_media":100740,"comment_status":"closed","ping_status":"closed","sticky":false,"template":"","format":"standard","meta":{"footnotes":""},"categories":[1,26],"tags":[7869],"class_list":["post-100739","post","type-post","status-publish","format-standard","has-post-thumbnail","hentry","category-destacados","category-noticias","tag-intento-de-homicidio"],"_links":{"self":[{"href":"https:\/\/megavision.com.sv\/web\/wp-json\/wp\/v2\/posts\/100739","targetHints":{"allow":["GET"]}}],"collection":[{"href":"https:\/\/megavision.com.sv\/web\/wp-json\/wp\/v2\/posts"}],"about":[{"href":"https:\/\/megavision.com.sv\/web\/wp-json\/wp\/v2\/types\/post"}],"author":[{"embeddable":true,"href":"https:\/\/megavision.com.sv\/web\/wp-json\/wp\/v2\/users\/12"}],"replies":[{"embeddable":true,"href":"https:\/\/megavision.com.sv\/web\/wp-json\/wp\/v2\/comments?post=100739"}],"version-history":[{"count":1,"href":"https:\/\/megavision.com.sv\/web\/wp-json\/wp\/v2\/posts\/100739\/revisions"}],"predecessor-version":[{"id":100741,"href":"https:\/\/megavision.com.sv\/web\/wp-json\/wp\/v2\/posts\/100739\/revisions\/100741"}],"wp:featuredmedia":[{"embeddable":true,"href":"https:\/\/megavision.com.sv\/web\/wp-json\/wp\/v2\/media\/100740"}],"wp:attachment":[{"href":"https:\/\/megavision.com.sv\/web\/wp-json\/wp\/v2\/media?parent=100739"}],"wp:term":[{"taxonomy":"category","embeddable":true,"href":"https:\/\/megavision.com.sv\/web\/wp-json\/wp\/v2\/categories?post=100739"},{"taxonomy":"post_tag","embeddable":true,"href":"https:\/\/megavision.com.sv\/web\/wp-json\/wp\/v2\/tags?post=100739"}],"curies":[{"name":"wp","href":"https:\/\/api.w.org\/{rel}","templated":true}]}}