{"id":100692,"date":"2026-04-27T09:41:09","date_gmt":"2026-04-27T15:41:09","guid":{"rendered":"https:\/\/megavision.com.sv\/web\/?p=100692"},"modified":"2026-04-27T09:41:09","modified_gmt":"2026-04-27T15:41:09","slug":"el-sospechoso-de-disparar-en-la-gala-donde-estaba-trump-comparece-ante-la-justicia","status":"publish","type":"post","link":"https:\/\/megavision.com.sv\/web\/el-sospechoso-de-disparar-en-la-gala-donde-estaba-trump-comparece-ante-la-justicia\/","title":{"rendered":"El sospechoso de disparar en la gala donde estaba Trump comparece ante la justicia"},"content":{"rendered":"\n<p>AFP<\/p>\n\n\n\n<p>El sospechoso de irrumpir armado en una cena de gala a la que asist\u00eda Donald Trump comparar\u00e1 ante la justicia este lunes para responder por el ataque a tiros, el \u00faltimo episodio de violencia pol\u00edtica en un Estados Unidos profundamente dividido.<\/p>\n\n\n\n<p>Funcionarios de la administraci\u00f3n dijeron que el sospechoso, un hombre de California, aparentemente ten\u00eda como objetivo matar a Trump ya altos funcionarios en el evento con la prensa el s\u00e1bado por la noche en un hotel de Washington, en lo que habr\u00eda sido el tercer intento de acabar con la vida del presidente en dos a\u00f1os.<\/p>\n\n\n\n<figure class=\"wp-block-image size-full\"><img loading=\"lazy\" decoding=\"async\" width=\"790\" height=\"444\" src=\"https:\/\/megavision.com.sv\/web\/wp-content\/uploads\/2026\/04\/image-7.png\" alt=\"\" class=\"wp-image-100694\" srcset=\"https:\/\/megavision.com.sv\/web\/wp-content\/uploads\/2026\/04\/image-7.png 790w, https:\/\/megavision.com.sv\/web\/wp-content\/uploads\/2026\/04\/image-7-300x169.png 300w, https:\/\/megavision.com.sv\/web\/wp-content\/uploads\/2026\/04\/image-7-768x432.png 768w\" sizes=\"auto, (max-width: 790px) 100vw, 790px\" \/><\/figure>\n\n\n\n<p><em>Cole Tomas presunto presunto responsable de tiroteo (Foto tomada de internet).<\/em><\/p>\n\n\n\n<p>El sospechoso, cuya identidad no ha sido revelada oficialmente, no result\u00f3 herido. Varios medios estadounidenses lo identificaron como Cole Tomas Allen, de 31 a\u00f1os, originario de Torrance, California.<\/p>\n\n\n\n<p>Trump, que fue evacuado a toda prisa del lugar por agentes del Servicio Secreto, public\u00f3 im\u00e1genes de las c\u00e1maras de vigilancia que muestran al hombre armado tratando de correr a toda velocidad m\u00e1s all\u00e1 de un control de seguridad un piso arriba de la sala donde se celebraba la gala.<\/p>\n\n\n\n<p>Tras un breve intercambio de disparos con los agentes, fue detenido en el lugar. Trump public\u00f3 fotos del hombre esposado en la alfombra del hotel, sin camisa y tendido boca abajo.<\/p>\n\n\n\n<p>Se espera que el sospechoso se presente ante la justicia federal de Washington hacia las 13H00 locales (17H00 GMT). La comparecencia ser\u00e1 breve y se prev\u00e9 que inicialmente lo acusen de agresi\u00f3n contra un agente federal y uso de un arma de fuego durante un delito de violencia, aunque la lista de cargos puede aumentar.<\/p>\n\n\n\n<h2 class=\"wp-block-heading\">&#8211; &#8220;Mundo loco&#8221; &#8211;<\/h2>\n\n\n\n<p>En una entrevista en el programa &#8220;60 Minutes&#8221; de CBS, le preguntaron a Trump si temi\u00f3 que hubiera v\u00edctimas mientras se desarrollaba la escena ca\u00f3tica.<\/p>\n\n\n\n<p>&#8220;No estaba preocupada. Entiendo la vida. Vivimos en un mundo loco&#8221;, dijo Trump.<\/p>\n\n\n\n<p>El fiscal general interino de Estados Unidos, Todd Blanche, declar\u00f3 el domingo a CBS que seg\u00fan la investigaci\u00f3n preliminar el sospechoso &#8220;apuntaba a miembros de la administraci\u00f3n&#8221;.<\/p>\n\n\n\n<p>Blanche agreg\u00f3 que no se conoce ning\u00fan otro motivo del ataque, y confirm\u00f3 que el hombre -que seg\u00fan las autoridades iba armado con una escopeta, una pistola y cuchillo- se hospedaba en el Washington Hilton donde se celebr\u00f3 la cena de gala de la Asociaci\u00f3n de Corresponsales de la Casa Blanca.<\/p>\n\n\n\n<p>Sin aportar detalles, Trump indic\u00f3 que el sospechoso hab\u00eda escrito un manifiesto &#8220;anticristiano&#8221;.<\/p>\n\n\n\n<p>&#8220;El tipo est\u00e1 enfermo&#8221;, dijo Trump a Fox News. &#8220;Su hermana o su hermano, en realidad, se quejaban de ello. Incluso estuvieron presentando quejas ante las autoridades&#8221;.<\/p>\n\n\n\n<p>El New York Post inform\u00f3 que el sospechoso escribi\u00f3 en un mensaje que comparti\u00f3 con su familia poco antes del ataque, que sus objetivos ser\u00edan &#8220;priorizados de mayor a menor rango&#8221;.<\/p>\n\n\n\n<p>En la cena de gala se encontraron Trump, la primera dama Melania Trump, el vicepresidente JD Vance, varios miembros del gabinete y destacados legisladores, adem\u00e1s de cientos de invitados.<\/p>\n\n\n\n<p>Trump dijo en una conferencia de prensa improvisada a \u00faltima hora de la noche en la Casa Blanca que al principio pens\u00f3 que el ruido era una bandeja que se ca\u00eda, antes de darse cuenta de que se trataba de disparos.<\/p>\n\n\n\n<p>&#8220;Parece que cree que actu\u00f3 como un lobo solitario, y yo tambi\u00e9n lo siento as\u00ed&#8221;, dijo el presidente.<\/p>\n\n\n\n<p>Un agente recibi\u00f3 un disparo a corta distancia en su chaleco antibalas y parec\u00eda no haber resultado gravemente herido.<\/p>\n\n\n\n<p>Trump fue objeto de un intento de asesinato durante una mitin en Butler, Pensilvania, en 2024. Un hombre armado efectu\u00f3 varios disparos con los que mat\u00f3 a un asistente e hiri\u00f3 levemente al presidente en la oreja.<\/p>\n\n\n\n<p>Meses m\u00e1s tarde, arrestaron a otro hombre despu\u00e9s de que un agente del Servicio Secreto viera el ca\u00f1\u00f3n de un rifle asomando entre los arbustos del per\u00edmetro del campo de golf de West Palm Beach, donde estaba Trump.<\/p>\n","protected":false},"excerpt":{"rendered":"<p>AFP El sospechoso de irrumpir armado en una cena de gala a la que asist\u00eda Donald Trump comparar\u00e1 ante la justicia este lunes para responder&hellip; <\/p>\n","protected":false},"author":12,"featured_media":100693,"comment_status":"closed","ping_status":"closed","sticky":false,"template":"","format":"standard","meta":{"footnotes":""},"categories":[1,26],"tags":[9139,40],"class_list":["post-100692","post","type-post","status-publish","format-standard","has-post-thumbnail","hentry","category-destacados","category-noticias","tag-cole-tomas-allen","tag-trump"],"_links":{"self":[{"href":"https:\/\/megavision.com.sv\/web\/wp-json\/wp\/v2\/posts\/100692","targetHints":{"allow":["GET"]}}],"collection":[{"href":"https:\/\/megavision.com.sv\/web\/wp-json\/wp\/v2\/posts"}],"about":[{"href":"https:\/\/megavision.com.sv\/web\/wp-json\/wp\/v2\/types\/post"}],"author":[{"embeddable":true,"href":"https:\/\/megavision.com.sv\/web\/wp-json\/wp\/v2\/users\/12"}],"replies":[{"embeddable":true,"href":"https:\/\/megavision.com.sv\/web\/wp-json\/wp\/v2\/comments?post=100692"}],"version-history":[{"count":1,"href":"https:\/\/megavision.com.sv\/web\/wp-json\/wp\/v2\/posts\/100692\/revisions"}],"predecessor-version":[{"id":100695,"href":"https:\/\/megavision.com.sv\/web\/wp-json\/wp\/v2\/posts\/100692\/revisions\/100695"}],"wp:featuredmedia":[{"embeddable":true,"href":"https:\/\/megavision.com.sv\/web\/wp-json\/wp\/v2\/media\/100693"}],"wp:attachment":[{"href":"https:\/\/megavision.com.sv\/web\/wp-json\/wp\/v2\/media?parent=100692"}],"wp:term":[{"taxonomy":"category","embeddable":true,"href":"https:\/\/megavision.com.sv\/web\/wp-json\/wp\/v2\/categories?post=100692"},{"taxonomy":"post_tag","embeddable":true,"href":"https:\/\/megavision.com.sv\/web\/wp-json\/wp\/v2\/tags?post=100692"}],"curies":[{"name":"wp","href":"https:\/\/api.w.org\/{rel}","templated":true}]}}