{"id":100687,"date":"2026-04-27T08:58:47","date_gmt":"2026-04-27T14:58:47","guid":{"rendered":"https:\/\/megavision.com.sv\/web\/?p=100687"},"modified":"2026-04-27T08:58:47","modified_gmt":"2026-04-27T14:58:47","slug":"colombia-registra-31-ataques-guerrilleros-desde-el-viernes","status":"publish","type":"post","link":"https:\/\/megavision.com.sv\/web\/colombia-registra-31-ataques-guerrilleros-desde-el-viernes\/","title":{"rendered":"Colombia registra 31 ataques guerrilleros desde el viernes"},"content":{"rendered":"\n<p>AFP<\/p>\n\n\n\n<p>Al menos 31 ataques guerrilleros se registraron en el suroeste de Colombia durante el fin de semana, entre ellos la detonaci\u00f3n de una bomba en una carretera que dej\u00f3 21 muertos, seg\u00fan el \u00faltimo balance del gobierno.<\/p>\n\n\n\n<p>El saldo de v\u00edctimas fatales por el ataque con explosivos del s\u00e1bado en el departamento del Cauca ascendi\u00f3 a 21, dijo el ministro de Defensa Pedro S\u00e1nchez a Caracol Radio el lunes. Otras 56 personas resultaron heridas.<\/p>\n\n\n\n<p>Desde el viernes se han registrado 31 acciones guerrilleras en tres departamentos del suroeste del pa\u00eds, dijo a la AFP una portavoz de las Fuerzas Militares.<\/p>\n\n\n\n<p>Los ataques son atribuidos a una facci\u00f3n disidente de la guerrilla FARC comandada por alias Iv\u00e1n Mordisco, el criminal m\u00e1s buscando de Colombia, que se financia principalmente con el tr\u00e1fico de coca\u00edna.<\/p>\n\n\n\n<p>La &#8220;ola terrorista&#8221; es una respuesta ante operaciones militares en la zona, asegur\u00f3 el ministro S\u00e1nchez a Blu Radio, que calific\u00f3 estas acciones como &#8220;cr\u00edmenes de guerra&#8221;.<\/p>\n\n\n\n<p>El Cauca, con una extensa superficie de narcocultivos, es uno de los departamentos m\u00e1s azotados por la ofensiva guerrillera previa a las elecciones generales del 31 de mayo.<\/p>\n\n\n\n<p>El presidente izquierdista Gustavo Petro tild\u00f3 a los rebeldes de &#8220;terroristas&#8221; y orden\u00f3 a la fuerza p\u00fablica redoblar su persecuci\u00f3n.<\/p>\n\n\n\n<p>Los principales candidatos presidenciales tambi\u00e9n condenaron la jornada de violencia.<\/p>\n\n\n\n<p>Los ataques siembran un &#8220;clima de miedo&#8221; de cara a las elecciones, dijo en X el izquierdista Iv\u00e1n Cepeda, favorito en las encuestas y heredero pol\u00edtico de Petro, quien no puede buscar la reelecci\u00f3n.<\/p>\n\n\n\n<p>Tras su llegada al poder en 2022, Petro intent\u00f3 sin \u00e9xito negociar la paz con las mayores organizaciones armadas, que han fortalecido sus filas en los \u00faltimos a\u00f1os.<\/p>\n\n\n\n<p>&#8220;Estos no son actos aislados, son parte de un plan de desestabilizaci\u00f3n del desgobierno de Petro&#8221;, dijo el abogado derechista Abelardo de la Espriella, segundo en los sondeos.<\/p>\n\n\n\n<p>&#8220;Este gobierno ha permitido que la violencia crezca&#8221;, dijo por su parte la senadora Paloma Valencia, candidata por el partido del expresidente \u00c1lvaro Uribe (2002-2010) y originaria del Cauca, que compite codo a codo con De la Espriella por un eventual pase a segunda vuelta.<\/p>\n","protected":false},"excerpt":{"rendered":"<p>AFP Al menos 31 ataques guerrilleros se registraron en el suroeste de Colombia durante el fin de semana, entre ellos la detonaci\u00f3n de una bomba&hellip; <\/p>\n","protected":false},"author":12,"featured_media":100689,"comment_status":"closed","ping_status":"closed","sticky":false,"template":"","format":"standard","meta":{"footnotes":""},"categories":[1,26],"tags":[1060,6964],"class_list":["post-100687","post","type-post","status-publish","format-standard","has-post-thumbnail","hentry","category-destacados","category-noticias","tag-colombia","tag-guerrilla"],"_links":{"self":[{"href":"https:\/\/megavision.com.sv\/web\/wp-json\/wp\/v2\/posts\/100687","targetHints":{"allow":["GET"]}}],"collection":[{"href":"https:\/\/megavision.com.sv\/web\/wp-json\/wp\/v2\/posts"}],"about":[{"href":"https:\/\/megavision.com.sv\/web\/wp-json\/wp\/v2\/types\/post"}],"author":[{"embeddable":true,"href":"https:\/\/megavision.com.sv\/web\/wp-json\/wp\/v2\/users\/12"}],"replies":[{"embeddable":true,"href":"https:\/\/megavision.com.sv\/web\/wp-json\/wp\/v2\/comments?post=100687"}],"version-history":[{"count":1,"href":"https:\/\/megavision.com.sv\/web\/wp-json\/wp\/v2\/posts\/100687\/revisions"}],"predecessor-version":[{"id":100690,"href":"https:\/\/megavision.com.sv\/web\/wp-json\/wp\/v2\/posts\/100687\/revisions\/100690"}],"wp:featuredmedia":[{"embeddable":true,"href":"https:\/\/megavision.com.sv\/web\/wp-json\/wp\/v2\/media\/100689"}],"wp:attachment":[{"href":"https:\/\/megavision.com.sv\/web\/wp-json\/wp\/v2\/media?parent=100687"}],"wp:term":[{"taxonomy":"category","embeddable":true,"href":"https:\/\/megavision.com.sv\/web\/wp-json\/wp\/v2\/categories?post=100687"},{"taxonomy":"post_tag","embeddable":true,"href":"https:\/\/megavision.com.sv\/web\/wp-json\/wp\/v2\/tags?post=100687"}],"curies":[{"name":"wp","href":"https:\/\/api.w.org\/{rel}","templated":true}]}}