{"id":100658,"date":"2026-04-23T20:54:05","date_gmt":"2026-04-24T02:54:05","guid":{"rendered":"https:\/\/megavision.com.sv\/web\/?p=100658"},"modified":"2026-04-23T20:54:05","modified_gmt":"2026-04-24T02:54:05","slug":"estados-unidos-descarta-excluir-a-iran-del-mundial-2026-en-medio-de-especulaciones-politicas","status":"publish","type":"post","link":"https:\/\/megavision.com.sv\/web\/estados-unidos-descarta-excluir-a-iran-del-mundial-2026-en-medio-de-especulaciones-politicas\/","title":{"rendered":"Estados Unidos descarta excluir a Ir\u00e1n del Mundial 2026 en medio de especulaciones pol\u00edticas"},"content":{"rendered":"\n<p>Estados Unidos no tiene planes de excluir a Ir\u00e1n del Mundial de f\u00fatbol de 2026, afirm\u00f3 el secretario de Estado, Marco Rubio, luego de que surgieran especulaciones sobre un posible reemplazo de la selecci\u00f3n iran\u00ed por Italia, que no logr\u00f3 clasificarse al torneo.<\/p>\n\n\n\n<p>Las versiones surgieron tras declaraciones de un asesor del presidente Donald Trump al <em>Financial Times<\/em>, quien asegur\u00f3 haber planteado la posibilidad de sustituir a Ir\u00e1n por Italia ante el propio Trump y el presidente de la FIFA, Gianni Infantino.<\/p>\n\n\n\n<p>La selecci\u00f3n iran\u00ed se ha visto envuelta en atenci\u00f3n internacional debido a las tensiones pol\u00edticas con Estados Unidos y las restricciones migratorias vigentes, lo que ha generado dudas sobre la entrada de delegaciones y aficionados durante el torneo que tambi\u00e9n organizar\u00e1n M\u00e9xico y Canad\u00e1.<\/p>\n\n\n\n<p>Rubio aclar\u00f3 que las restricciones no est\u00e1n dirigidas a los futbolistas, sino a posibles acompa\u00f1antes vinculados a estructuras de seguridad iran\u00edes. \u201cEl problema no ser\u00edan sus atletas, sino algunas de las otras personas que querr\u00edan traer consigo\u201d, se\u00f1al\u00f3, al tiempo que neg\u00f3 cualquier plan de exclusi\u00f3n deportiva.<\/p>\n\n\n\n<p>La idea de un reemplazo por Italia fue rechazada por autoridades deportivas y pol\u00edticas en ese pa\u00eds, que insistieron en que la clasificaci\u00f3n debe definirse \u00fanicamente en el campo de juego. Adem\u00e1s, la FIFA ha reiterado que Ir\u00e1n mantiene su participaci\u00f3n confirmada en el Mundial 2026.<\/p>\n","protected":false},"excerpt":{"rendered":"<p>Estados Unidos no tiene planes de excluir a Ir\u00e1n del Mundial de f\u00fatbol de 2026, afirm\u00f3 el secretario de Estado, Marco Rubio, luego de que&hellip; <\/p>\n","protected":false},"author":12,"featured_media":100659,"comment_status":"closed","ping_status":"closed","sticky":false,"template":"","format":"standard","meta":{"footnotes":""},"categories":[1,26],"tags":[150],"class_list":["post-100658","post","type-post","status-publish","format-standard","has-post-thumbnail","hentry","category-destacados","category-noticias","tag-internacionales"],"_links":{"self":[{"href":"https:\/\/megavision.com.sv\/web\/wp-json\/wp\/v2\/posts\/100658","targetHints":{"allow":["GET"]}}],"collection":[{"href":"https:\/\/megavision.com.sv\/web\/wp-json\/wp\/v2\/posts"}],"about":[{"href":"https:\/\/megavision.com.sv\/web\/wp-json\/wp\/v2\/types\/post"}],"author":[{"embeddable":true,"href":"https:\/\/megavision.com.sv\/web\/wp-json\/wp\/v2\/users\/12"}],"replies":[{"embeddable":true,"href":"https:\/\/megavision.com.sv\/web\/wp-json\/wp\/v2\/comments?post=100658"}],"version-history":[{"count":1,"href":"https:\/\/megavision.com.sv\/web\/wp-json\/wp\/v2\/posts\/100658\/revisions"}],"predecessor-version":[{"id":100660,"href":"https:\/\/megavision.com.sv\/web\/wp-json\/wp\/v2\/posts\/100658\/revisions\/100660"}],"wp:featuredmedia":[{"embeddable":true,"href":"https:\/\/megavision.com.sv\/web\/wp-json\/wp\/v2\/media\/100659"}],"wp:attachment":[{"href":"https:\/\/megavision.com.sv\/web\/wp-json\/wp\/v2\/media?parent=100658"}],"wp:term":[{"taxonomy":"category","embeddable":true,"href":"https:\/\/megavision.com.sv\/web\/wp-json\/wp\/v2\/categories?post=100658"},{"taxonomy":"post_tag","embeddable":true,"href":"https:\/\/megavision.com.sv\/web\/wp-json\/wp\/v2\/tags?post=100658"}],"curies":[{"name":"wp","href":"https:\/\/api.w.org\/{rel}","templated":true}]}}