{"id":100651,"date":"2026-04-23T12:08:17","date_gmt":"2026-04-23T18:08:17","guid":{"rendered":"https:\/\/megavision.com.sv\/web\/?p=100651"},"modified":"2026-04-23T12:08:17","modified_gmt":"2026-04-23T18:08:17","slug":"condenan-a-12-pandilleros-de-la-ms-13-por-homicidio-que-marco-inicio-del-regimen-de-excepcion","status":"publish","type":"post","link":"https:\/\/megavision.com.sv\/web\/condenan-a-12-pandilleros-de-la-ms-13-por-homicidio-que-marco-inicio-del-regimen-de-excepcion\/","title":{"rendered":"Condenan a 12 pandilleros de la MS-13 por homicidio que marc\u00f3 inicio del R\u00e9gimen de Excepci\u00f3n"},"content":{"rendered":"\n<p>Por William Santos<\/p>\n\n\n\n<p><em>La FGR inform\u00f3 que los implicados recibieron 20 a\u00f1os de prisi\u00f3n por un crimen cometido en marzo de 2022<\/em><\/p>\n\n\n\n<p>Doce miembros de la MS-13 fueron condenados a 20 a\u00f1os de prisi\u00f3n por el asesinato de una persona, un hecho registrado en marzo de 2022 y que figura entre los casos que dieron paso a la implementaci\u00f3n del R\u00e9gimen de Excepci\u00f3n, inform\u00f3 la Fiscal\u00eda General de la Rep\u00fablica (FGR).<\/p>\n\n\n\n<p>Seg\u00fan las investigaciones, dentro de los condenados se encuentran pandilleros con distintos rangos dentro de la estructura, como homeboys, paros, chequeos y observadores, quienes participaron en la planificaci\u00f3n y ejecuci\u00f3n del crimen.<\/p>\n\n\n\n<p>La FGR detall\u00f3 que Jos\u00e9 Alfredo Jabobo Mor\u00e1n, Alfredo Antonio Garc\u00eda Mart\u00ednez y Henry Wilfredo Mendoza fueron los responsables de ordenar el asesinato de la v\u00edctima, quien fue ultimada con armas de fuego.<\/p>\n\n\n\n<p>Entre los dem\u00e1s implicados figuran Carlos Orlando Recinos Guill\u00e9n, Sa\u00fal Alfredo Salazar Men\u00e9ndez, Marvin Ernesto Mart\u00ednez Nolasco, Javier Orlando Salazar Hern\u00e1ndez, Miguel Alexander Medina Acu\u00f1a, Enrique Antonio Chig\u00fcila Aguirre, David Otoniel Gir\u00f3n Salvin, Elmer Alexander Salazar Men\u00e9ndez y Jos\u00e9 Alfredo Salazar L\u00f3pez.<\/p>\n\n\n\n<p>Las autoridades agregaron que todos los condenados tambi\u00e9n enfrentar\u00e1n cargos por el delito de agrupaciones il\u00edcitas, como parte de las acciones para desarticular estas estructuras criminales.<\/p>\n","protected":false},"excerpt":{"rendered":"<p>Por William Santos La FGR inform\u00f3 que los implicados recibieron 20 a\u00f1os de prisi\u00f3n por un crimen cometido en marzo de 2022 Doce miembros de&hellip; <\/p>\n","protected":false},"author":12,"featured_media":100652,"comment_status":"closed","ping_status":"closed","sticky":false,"template":"","format":"standard","meta":{"footnotes":""},"categories":[1,26],"tags":[197],"class_list":["post-100651","post","type-post","status-publish","format-standard","has-post-thumbnail","hentry","category-destacados","category-noticias","tag-regimen-de-excepcion"],"_links":{"self":[{"href":"https:\/\/megavision.com.sv\/web\/wp-json\/wp\/v2\/posts\/100651","targetHints":{"allow":["GET"]}}],"collection":[{"href":"https:\/\/megavision.com.sv\/web\/wp-json\/wp\/v2\/posts"}],"about":[{"href":"https:\/\/megavision.com.sv\/web\/wp-json\/wp\/v2\/types\/post"}],"author":[{"embeddable":true,"href":"https:\/\/megavision.com.sv\/web\/wp-json\/wp\/v2\/users\/12"}],"replies":[{"embeddable":true,"href":"https:\/\/megavision.com.sv\/web\/wp-json\/wp\/v2\/comments?post=100651"}],"version-history":[{"count":1,"href":"https:\/\/megavision.com.sv\/web\/wp-json\/wp\/v2\/posts\/100651\/revisions"}],"predecessor-version":[{"id":100653,"href":"https:\/\/megavision.com.sv\/web\/wp-json\/wp\/v2\/posts\/100651\/revisions\/100653"}],"wp:featuredmedia":[{"embeddable":true,"href":"https:\/\/megavision.com.sv\/web\/wp-json\/wp\/v2\/media\/100652"}],"wp:attachment":[{"href":"https:\/\/megavision.com.sv\/web\/wp-json\/wp\/v2\/media?parent=100651"}],"wp:term":[{"taxonomy":"category","embeddable":true,"href":"https:\/\/megavision.com.sv\/web\/wp-json\/wp\/v2\/categories?post=100651"},{"taxonomy":"post_tag","embeddable":true,"href":"https:\/\/megavision.com.sv\/web\/wp-json\/wp\/v2\/tags?post=100651"}],"curies":[{"name":"wp","href":"https:\/\/api.w.org\/{rel}","templated":true}]}}