{"id":100215,"date":"2026-04-01T11:22:39","date_gmt":"2026-04-01T17:22:39","guid":{"rendered":"https:\/\/megavision.com.sv\/web\/?p=100215"},"modified":"2026-04-01T11:22:39","modified_gmt":"2026-04-01T17:22:39","slug":"el-fmln-inicia-su-reorganizacion-interna-de-cara-a-2027","status":"publish","type":"post","link":"https:\/\/megavision.com.sv\/web\/el-fmln-inicia-su-reorganizacion-interna-de-cara-a-2027\/","title":{"rendered":"El FMLN inicia su reorganizaci\u00f3n interna de cara a 2027"},"content":{"rendered":"\n<p>El FMLN ha comenzado formalmente su proceso de reorganizaci\u00f3n interna con miras a los eventos electorales de 2027, luego de la convocatoria oficial de su Comisi\u00f3n Especial Electoral. Manuel Flores, secretario general del partido, explic\u00f3 que la etapa busca adaptar la estructura pol\u00edtica a las nuevas realidades del pa\u00eds, recordando que &#8220;las especies se adaptan y las que se adaptan sobreviven&#8221;.<\/p>\n\n\n\n<p>Entre las reformas m\u00e1s destacadas aprobadas por la Convenci\u00f3n Nacional figura la eliminaci\u00f3n de restricciones estatutarias que imped\u00edan a los dirigentes optar simult\u00e1neamente a cargos de elecci\u00f3n p\u00fablica, respaldada por el 92% de los convencionistas.<\/p>\n\n\n\n<blockquote class=\"twitter-tweet\" data-media-max-width=\"560\"><p lang=\"es\" dir=\"ltr\"><a href=\"https:\/\/twitter.com\/hashtag\/Di%C3%A1logo21?src=hash&amp;ref_src=twsrc%5Etfw\">#Di\u00e1logo21<\/a> | \u201cHay quienes dicen que la reforma se hizo para que el secretario general participe, pero yo puedo inscribirme sin ning\u00fan problema; lo il\u00f3gico es que un militante le pida permiso al partido para participar\u201d, afirm\u00f3 el secretario general del FMLN, Manuel Flores. <a href=\"https:\/\/t.co\/9MtBhtPbe9\">pic.twitter.com\/9MtBhtPbe9<\/a><\/p>&mdash; Di\u00e1logo &#8211; GMV (@dialogo21) <a href=\"https:\/\/twitter.com\/dialogo21\/status\/2039351972361375889?ref_src=twsrc%5Etfw\">April 1, 2026<\/a><\/blockquote> <script async src=\"https:\/\/platform.twitter.com\/widgets.js\" charset=\"utf-8\"><\/script>\n\n\n\n<p>Flores destac\u00f3 la estrategia de \u201cciudadanizaci\u00f3n\u201d de la pol\u00edtica, que permite a personas no afiliadas participar como candidatos siempre que cumplan compromisos \u00e9ticos b\u00e1sicos, al tiempo que se aplicar\u00e1n filtros para evitar perfiles vinculados a corrupci\u00f3n o deudas alimentarias. Seg\u00fan el dirigente, el objetivo es recuperar la confianza ciudadana promoviendo disciplina y m\u00edstica dentro del partido.<\/p>\n\n\n\n<blockquote class=\"twitter-tweet\"><p lang=\"es\" dir=\"ltr\"><a href=\"https:\/\/twitter.com\/hashtag\/Di%C3%A1logo21?src=hash&amp;ref_src=twsrc%5Etfw\">#Di\u00e1logo21<\/a> | \u201cLa ciudadanizaci\u00f3n, aunque a algunos les moleste, est\u00e1 contemplada en nuestros estatutos y permite alianzas con ciudadanos no afiliados, a quienes damos la oportunidad de participar en pol\u00edtica, con el compromiso de no robar y cumplirle al pueblo, como partido\u2026 <a href=\"https:\/\/t.co\/BZPSx3dmie\">pic.twitter.com\/BZPSx3dmie<\/a><\/p>&mdash; Di\u00e1logo &#8211; GMV (@dialogo21) <a href=\"https:\/\/twitter.com\/dialogo21\/status\/2039335181710962898?ref_src=twsrc%5Etfw\">April 1, 2026<\/a><\/blockquote> <script async src=\"https:\/\/platform.twitter.com\/widgets.js\" charset=\"utf-8\"><\/script>\n\n\n\n<p>El secretario general tambi\u00e9n critic\u00f3 las recientes modificaciones al sistema electoral, calificando de \u201ccobarde\u201d la reducci\u00f3n de municipios y esca\u00f1os legislativos, y advirti\u00f3 sobre posibles reformas para eliminar el voto cruzado. Asegur\u00f3 que el FMLN se prepara para competir en todos los niveles de elecci\u00f3n, consolid\u00e1ndose como una opci\u00f3n pol\u00edtica de cara al futuro.<\/p>\n\n\n\n<p><\/p>\n","protected":false},"excerpt":{"rendered":"<p>El FMLN ha comenzado formalmente su proceso de reorganizaci\u00f3n interna con miras a los eventos electorales de 2027, luego de la convocatoria oficial de su&hellip; <\/p>\n","protected":false},"author":12,"featured_media":100216,"comment_status":"closed","ping_status":"closed","sticky":false,"template":"","format":"standard","meta":{"footnotes":""},"categories":[1,27],"tags":[],"class_list":["post-100215","post","type-post","status-publish","format-standard","has-post-thumbnail","hentry","category-destacados","category-entrevista"],"_links":{"self":[{"href":"https:\/\/megavision.com.sv\/web\/wp-json\/wp\/v2\/posts\/100215","targetHints":{"allow":["GET"]}}],"collection":[{"href":"https:\/\/megavision.com.sv\/web\/wp-json\/wp\/v2\/posts"}],"about":[{"href":"https:\/\/megavision.com.sv\/web\/wp-json\/wp\/v2\/types\/post"}],"author":[{"embeddable":true,"href":"https:\/\/megavision.com.sv\/web\/wp-json\/wp\/v2\/users\/12"}],"replies":[{"embeddable":true,"href":"https:\/\/megavision.com.sv\/web\/wp-json\/wp\/v2\/comments?post=100215"}],"version-history":[{"count":1,"href":"https:\/\/megavision.com.sv\/web\/wp-json\/wp\/v2\/posts\/100215\/revisions"}],"predecessor-version":[{"id":100217,"href":"https:\/\/megavision.com.sv\/web\/wp-json\/wp\/v2\/posts\/100215\/revisions\/100217"}],"wp:featuredmedia":[{"embeddable":true,"href":"https:\/\/megavision.com.sv\/web\/wp-json\/wp\/v2\/media\/100216"}],"wp:attachment":[{"href":"https:\/\/megavision.com.sv\/web\/wp-json\/wp\/v2\/media?parent=100215"}],"wp:term":[{"taxonomy":"category","embeddable":true,"href":"https:\/\/megavision.com.sv\/web\/wp-json\/wp\/v2\/categories?post=100215"},{"taxonomy":"post_tag","embeddable":true,"href":"https:\/\/megavision.com.sv\/web\/wp-json\/wp\/v2\/tags?post=100215"}],"curies":[{"name":"wp","href":"https:\/\/api.w.org\/{rel}","templated":true}]}}